{"id":777,"date":"2021-01-13T17:48:30","date_gmt":"2021-01-13T14:48:30","guid":{"rendered":"https:\/\/bolayirdogancelik.com\/?p=777"},"modified":"2026-04-14T08:35:02","modified_gmt":"2026-04-14T08:35:02","slug":"guncel-gelismeler-kapsaminda-whatsapp-hizmet-kosullarinda-yapilacak-degisikliklerin-degerlendirilmesi","status":"publish","type":"post","link":"https:\/\/bolayirdogancelik.com\/en\/guncel-gelismeler-kapsaminda-whatsapp-hizmet-kosullarinda-yapilacak-degisikliklerin-degerlendirilmesi\/","title":{"rendered":"G\u00fcncel Geli\u015fmeler Kapsam\u0131nda WhatsApp Hizmet Ko\u015fullar\u0131nda Yap\u0131lacak De\u011fi\u015fikliklerin De\u011ferlendirilmesi"},"content":{"rendered":"<p><em>Yazarlar: Pelinsu B\u00dcY\u00dcKSARA\u00c7 SEVER \u2013 Ay\u00e7a EK\u015e\u0130 \u2013 Bolay\u0131r &amp; Do\u011fan\u00e7elik Avukatl\u0131k B\u00fcrosu<\/em><\/p>\n\n\n\n<p>4 Ocak 2021 tarihinde WhatsApp Kullan\u0131c\u0131lar\u0131na y\u00f6nelik, firma taraf\u0131ndan bildirilen \u201cGizlilik \u0130lkesi\u201d g\u00fcncellemesi kamuoyunda olduk\u00e7a ses getirmi\u015ftir. Esasen 2016 y\u0131l\u0131nda y\u00fcr\u00fcrl\u00fc\u011fe giren 6698 say\u0131l\u0131 Ki\u015fisel Verilerin Korunmas\u0131 Kanunu (\u201cKVKK\u201d) ile kamuoyunda yarat\u0131lmaya \u00e7al\u0131\u015f\u0131lan ki\u015fisel veri g\u00fcvenli\u011fine ili\u015fkin fark\u0131ndal\u0131k bilinci neredeyse birka\u00e7 saat i\u00e7erisinde toplumun az\u0131msanamayacak \u00e7o\u011funlu\u011funun kullan\u0131m\u0131nda bulunan bir mobil uygulama olan Whatsapp sayesinde olu\u015fmu\u015f hale gelmi\u015ftir.<\/p>\n\n\n\n<p>WhatsApp, 8 \u015eubat 2021 tarihinde y\u00fcr\u00fcrl\u00fc\u011fe girece\u011fini bildirdi\u011fi \u201cGizlilik \u0130lkesi\u201d metninde, veri uygulamalar\u0131 hakk\u0131nda bilgi vermi\u015f, hizmetlerin y\u00fcr\u00fct\u00fclmesi, sa\u011flanmas\u0131, iyile\u015ftirilmesi, anla\u015f\u0131lmas\u0131, \u00f6zelle\u015ftirilmesi, desteklenmesi ve pazarlanmas\u0131 amac\u0131yla; kullan\u0131c\u0131lar taraf\u0131ndan sa\u011flanan, hesap bilgileri, mesajlar, ba\u011flant\u0131lar, durum bilgisi, i\u015flem ve \u00f6deme verileri, m\u00fc\u015fteri deste\u011fi ve di\u011fer ileti\u015fim hizmetlerine ili\u015fkin verilerin Facebook ve ba\u011fl\u0131 \u015firketleri ile payla\u015f\u0131laca\u011f\u0131, onay verilmemesi halinde ise uygulaman\u0131n belirtilen tarihten sonra kullan\u0131lamayaca\u011f\u0131n\u0131 a\u00e7\u0131klam\u0131\u015ft\u0131r. Ayr\u0131ca yap\u0131lan a\u00e7\u0131klamadan, s\u00f6z konusu uygulamadan Avrupa Birli\u011fi \u00fclkelerinde bulunan Kullan\u0131c\u0131lar\u0131n muaf olduklar\u0131 da anla\u015f\u0131lmakta olup, bu \u00e7er\u00e7evede T\u00fcrkiye\u2019deki Kullan\u0131c\u0131lar\u0131n uygulamay\u0131 kullanmaya devam edebilmek i\u00e7in dayat\u0131lan bu aktar\u0131ma r\u0131za g\u00f6stermeleri gerekti\u011fi anla\u015f\u0131lmaktad\u0131r.<\/p>\n\n\n\n<p>Gelinen noktada duyurulan WhatsApp g\u00fcncellemesinin \u00fclkemizdeki kullan\u0131c\u0131lar\u0131n ki\u015fisel veri g\u00fcvenli\u011fi bak\u0131m\u0131ndan irdelenmesi ve dolay\u0131s\u0131yla bu konudaki mevzuat d\u00fczenlemeleri \u00e7er\u00e7evesinde incelenmesi \u00f6nem arz etmektedir. KVKK\u2019n\u0131n 9. maddesi a\u00e7\u0131k\u00e7a ki\u015fisel verilerin ilgili ki\u015finin a\u00e7\u0131k r\u0131zas\u0131 bulunmaks\u0131z\u0131n yurt d\u0131\u015f\u0131na aktar\u0131lamayaca\u011f\u0131n\u0131 d\u00fczenlemi\u015f olup, madde devam\u0131nda 5. ve 6. madde kapsam\u0131nda \u00f6ng\u00f6r\u00fclen hukuka uygunluk nedenlerinin varl\u0131\u011f\u0131 ile birlikte aktar\u0131m yap\u0131lacak \u00fclkede yeterli koruman\u0131n bulunmas\u0131 halinde a\u00e7\u0131k r\u0131za aranmayaca\u011f\u0131 belirlenmi\u015ftir. WhatsApp \u00f6zelinde bahsedilen hukuka uygunluk nedenlerinin varl\u0131\u011f\u0131ndan s\u00f6z edilemeyece\u011finden a\u00e7\u0131k r\u0131zas\u0131 ile bu y\u00f6ndeki bir aktar\u0131ma onay vermeyen Kullan\u0131c\u0131lar\u0131n verilerinin aktar\u0131m\u0131ndan da bahsedilemeyecektir. Fakat bu durum, Kullan\u0131c\u0131lar bak\u0131m\u0131ndan WhatsApp kullan\u0131m\u0131n\u0131n devam\u0131na bir engel te\u015fkil etmemelidir. \u00dclkemizde KVKK uyum s\u00fcrecinde veri sorumlular\u0131nda ger\u00e7ekle\u015ftirilen yayg\u0131n ancak hukuken sakat nitelikte olan a\u00e7\u0131k r\u0131za verilmedi\u011fi takdirde hizmetin kullan\u0131lamayaca\u011f\u0131na ili\u015fkin uygulama hatas\u0131na WhatsApp\u2019in de d\u00fc\u015ft\u00fc\u011f\u00fc g\u00f6r\u00fclmektedir. Bu y\u00f6ndeki uygulamalar \u00e7ok say\u0131da Ki\u015fisel Verileri Koruma Kurulu karar\u0131nda belirtildi\u011fi \u00fczere ba\u015fta KVKK\u2019n\u0131n 12. maddesi ile d\u00fczenlenen veri sorumlusunun ki\u015fisel verilerin hukuka ayk\u0131r\u0131 i\u015flenmesini \u00f6nleme y\u00fck\u00fcml\u00fcl\u00fc\u011f\u00fcne ve ayn\u0131 Kanun\u2019un 3. maddesi ile tan\u0131mlanan a\u00e7\u0131k r\u0131za kavram\u0131n\u0131n unsurlar\u0131ndan biri olan a\u00e7\u0131k r\u0131zan\u0131n \u00f6zg\u00fcr iradeye dayan\u0131larak verilmesi ilkesine a\u00e7\u0131k\u00e7a ayk\u0131r\u0131l\u0131k te\u015fkil etmekle birlikte hen\u00fcz y\u00fcr\u00fcrl\u00fc\u011fe girmemi\u015f olan 04.12.2020 tarihli ve 31324 say\u0131l\u0131 Resmi Gazetede yay\u0131mlanan Elektronik Haberle\u015fme Sekt\u00f6r\u00fcnde Ki\u015fisel Verilerin \u0130\u015flenmesi ve Gizlili\u011fin Korunmas\u0131na \u0130li\u015fkin Y\u00f6netmelik h\u00fck\u00fcmlerine de ayk\u0131r\u0131 bir durumdur.<\/p>\n\n\n\n<p>Y\u00f6netmelik do\u011frultusunda i\u015fletmeciler abonelerine\/kullan\u0131c\u0131lar\u0131na ait ki\u015fisel verilerin ve sunduklar\u0131 hizmetlerin g\u00fcvenli\u011fini sa\u011flamak, KVKK kapsam\u0131nda her t\u00fcrl\u00fc teknik ve idari tedbirleri alman\u0131n yan\u0131 s\u0131ra, yukar\u0131da belirtilen ilkeler \u00e7er\u00e7evesinde ki\u015fisel verilerin i\u015flenmesine ili\u015fkin g\u00fcvenlik politikalar\u0131n\u0131 belirlemeyi, ki\u015fisel veri ihlallerine kar\u015f\u0131 ki\u015fisel verilerin korunmas\u0131n\u0131, ki\u015fisel verilere sadece yetkili ki\u015filer taraf\u0131ndan eri\u015filebilmesini ve ki\u015fisel verilerin sakland\u0131\u011f\u0131 sistemler ile ki\u015fisel verilere eri\u015fim sa\u011flamak i\u00e7in kullan\u0131lan uygulamalar\u0131n g\u00fcvenli\u011finin sa\u011flanmas\u0131n\u0131 sa\u011flamak zorundad\u0131rlar. Dolay\u0131s\u0131yla WhatsApp, hem Y\u00f6netmelik kapsam\u0131nda ki\u015fisel verilerin i\u015flenmesinde uyulmas\u0131 zorunlu olan ilkelere uymak hem de KVKK kapsam\u0131nda kullan\u0131c\u0131lar\u0131na ait ki\u015fisel verilerin ve sundu\u011fu hizmetlerin g\u00fcvenli\u011fini sa\u011flamak ad\u0131na her t\u00fcrl\u00fc teknik ve idari tedbirleri almakla y\u00fck\u00fcml\u00fcd\u00fcr.<\/p>\n\n\n\n<p>An\u0131lan Y\u00f6netmelik ile asl\u0131nda herkes\u00e7e bilinen ve yukar\u0131da da bahsedildi\u011fi \u00fczere veri sorumlusunun temel y\u00fck\u00fcml\u00fcl\u00fcklerinin ihlali sonucunu olu\u015fturan \u201c<em>A\u00e7\u0131k R\u0131zan\u0131n Hizmet \u015eart\u0131na Ba\u011flanmas\u0131\u201d <\/em>uygulamas\u0131n\u0131n \u00f6n\u00fcne ge\u00e7mek ad\u0131na 8\/1-b maddesine getirilen sarih d\u00fczenleme ile bu hususun \u00f6n\u00fcne ge\u00e7ilmeye \u00e7al\u0131\u015f\u0131larak, elektronik haberle\u015fme hizmetinin sa\u011flanmas\u0131 kullan\u0131c\u0131n\u0131n a\u00e7\u0131k r\u0131za \u00f6n \u015fart\u0131na ba\u011flanamayaca\u011f\u0131 belirtilmi\u015ftir. Y\u00f6netmelik ile ayr\u0131ca trafik ve konum verilerinin Milli G\u00fcvenlik gerek\u00e7esi ile yurt d\u0131\u015f\u0131na \u00e7\u0131kar\u0131lmamas\u0131n\u0131n esas oldu\u011fu hususu da d\u00fczenlenmi\u015ftir. S\u00f6z konusu Y\u00f6netmelik 4 Haziran 2021 tarihinde y\u00fcr\u00fcrl\u00fc\u011fe girecek olsa da WhatsApp taraf\u0131ndan kullan\u0131c\u0131lara dayatma yolu ile bildirilen g\u00fcncellemenin bahsedilenler \u00e7er\u00e7evesinde mevzuat\u0131m\u0131za ve Kurul kararlar\u0131na ayk\u0131r\u0131l\u0131\u011f\u0131 yads\u0131namaz \u015fekilde ortadad\u0131r.<\/p>\n\n\n\n<p>Yine bu ba\u011flamda kamuoyunda olu\u015fan tepkileri m\u00fcteakiben Rekabet Kurulu\u2019nun 11.01.2021 tarihli ve 21-02\/25-M say\u0131l\u0131 karar\u0131yla, WhatsApp kullan\u0131c\u0131lar\u0131na getirilen veri payla\u015fma zorunlulu\u011fu hakk\u0131nda Facebook Inc., Facebook Ireland Ltd., Whats App Inc. ve Whats App LLC hakk\u0131nda 4054 say\u0131l\u0131 Rekabetin Korunmas\u0131 Hakk\u0131nda Kanun\u2019un (\u201cRKHK\u201d) 6. maddesinin ihlal edilip edilmedi\u011fi hakk\u0131nda re\u2019sen soru\u015fturma ba\u015flat\u0131lm\u0131\u015ft\u0131r. Kurul taraf\u0131ndan yap\u0131lan a\u00e7\u0131klamada soru\u015fturma sonucunda Kurul taraf\u0131ndan verilecek nihai karara kadar ciddi ve telafisi m\u00fcmk\u00fcn olmayan zarar\u0131n g\u00fcndeme gelme olas\u0131l\u0131\u011f\u0131 bulundu\u011fundan RKHK\u2019n\u0131n 9. maddesi \u00e7er\u00e7evesinde ge\u00e7ici tedbirler al\u0131nmas\u0131 ve bu kapsamda Facebook\u2019un T\u00fcrkiye\u2019de kullan\u0131c\u0131lar\u0131n verilerini 8 \u015eubat 2021 tarihinden itibaren ba\u015fka hizmetler i\u00e7in kullan\u0131lmas\u0131na y\u00f6nelik getirdi\u011fi ko\u015fullar\u0131 durdurmas\u0131 ve bu ko\u015fullar\u0131 kabul eden veya bilgilendirmeyi alarak kabul etmeyen t\u00fcm kullan\u0131c\u0131lara Facebook\u2019un veri payla\u015f\u0131m\u0131n\u0131 i\u00e7eren yeni ko\u015fullar\u0131 durdurdu\u011funu an\u0131lan tarihe kadar bildirmesi gerekti\u011fine karar vermi\u015ftir.<\/p>\n\n\n\n<p>Rekabet Kurulu\u2019nun bahsedilen karar\u0131 sonras\u0131nda tart\u0131\u015f\u0131lan konu \u00f6zelinde re\u2019sen soru\u015fturma yetkisi bulunan Ki\u015fisel Verileri Koruma Kurulu\u2019nca 12.01.2021 tarihinde bir kamuoyu duyurusu ger\u00e7ekle\u015ftirilmi\u015f ve bu duyuru ile WhatsApp Gizlilik \u0130lkeleri ve Facebook \u015eirketlerine veri aktar\u0131m\u0131 hakk\u0131nda soru\u015fturma ba\u015flat\u0131ld\u0131\u011f\u0131 duyurulmu\u015ftur. Kurul duyurusu ile yap\u0131lan \u00f6n de\u011ferlendirme sonucunda belirli hususlar \u00e7er\u00e7evesinde soru\u015fturman\u0131n y\u00fcr\u00fct\u00fclece\u011fini belirtmi\u015ftir. Bu hususlar ise;<\/p>\n\n\n\n<ul class=\"wp-block-list\"><li>S\u00f6z konusu g\u00fcncelleme ile getirilen yurt d\u0131\u015f\u0131na aktar\u0131m hususunun Kanunda belirlenen a\u00e7\u0131k r\u0131zan\u0131n unsurlar\u0131ndan <em>\u201c\u00f6zg\u00fcr iradeyle a\u00e7\u0131klanma\u201d<\/em> bak\u0131m\u0131ndan bir ihlal olu\u015fturup olu\u015fturmad\u0131\u011f\u0131,<\/li><\/ul>\n\n\n\n<ul class=\"wp-block-list\"><li>Yurtd\u0131\u015f\u0131nda bulunan ba\u015fka bir \u015firkete aktar\u0131m yap\u0131lmak \u015fart\u0131yla uygulaman\u0131n kullan\u0131lmas\u0131na izin verilmesinin KVKK ile d\u00fczenlenen veri i\u015flenmesine ili\u015fkin genel ilkelerden <em>\u201chukuka ve d\u00fcr\u00fcstl\u00fck kurallar\u0131na uygun olma\u201d<\/em>, <em>\u201cbelirli, a\u00e7\u0131k ve me\u015fru ama\u00e7lar i\u00e7in i\u015flenme\u201d<\/em> and <em>\u201ci\u015flendikleri ama\u00e7la ba\u011flant\u0131l\u0131, s\u0131n\u0131rl\u0131 ve \u00f6l\u00e7\u00fcl\u00fc olma\u201d<\/em> ilkeleri bak\u0131m\u0131ndan bir ihlale sebebiyet verip vermedi\u011fi,<\/li><\/ul>\n\n\n\n<ul class=\"wp-block-list\"><li>Sunulan hizmetin a\u00e7\u0131k r\u0131za \u015fart\u0131na ba\u011flanm\u0131\u015f olmas\u0131n\u0131n verilen a\u00e7\u0131k r\u0131zay\u0131 sakatlayabilece\u011fi bu durumun da ki\u015fisel verilerin hukuka ayk\u0131r\u0131 i\u015flenmesi sonucunu do\u011furabilece\u011fi dikkate al\u0131nd\u0131\u011f\u0131nda WhatsApp taraf\u0131ndan yap\u0131lan g\u00fcncelleme ile hizmetin r\u0131za \u015fart\u0131na ba\u011flanmas\u0131 durumunun ortaya \u00e7\u0131k\u0131p \u00e7\u0131kmad\u0131\u011f\u0131,<\/li><\/ul>\n\n\n\n<ul class=\"wp-block-list\"><li>WhatsApp taraf\u0131ndan yurtd\u0131\u015f\u0131nda yerle\u015fik veri sorumlular\u0131na yap\u0131lacak aktar\u0131m hususunda KVKK h\u00fck\u00fcmlerine ayk\u0131r\u0131l\u0131k olup olmad\u0131\u011f\u0131 hususlar\u0131 olarak belirtilmi\u015f, s\u00fcrece ili\u015fkin 8 \u015eubat 2021 tarihinde yeni bir de\u011ferlendirme yap\u0131laca\u011f\u0131 bildirilmi\u015ftir.<\/li><\/ul>\n\n\n\n<p>Yap\u0131lacak inceleme neticesinde, WhatsApp taraf\u0131ndan g\u00fcncellenen \u201cGizlilik \u0130lkeleri\u201dnin Ki\u015fisel Verileri Koruma Kurulu taraf\u0131ndan ger\u00e7ekle\u015ftirilecek soru\u015fturman\u0131n \u00e7er\u00e7evesini belirleyen hususlar\u0131n \u00e7o\u011funa ili\u015fkin ihlal durumunu olu\u015fturaca\u011f\u0131 y\u00f6n\u00fcnde de\u011ferlendirme yap\u0131laca\u011f\u0131 kuvvetle muhtemeldir. Ba\u015fta T.C. Anayasas\u0131\u2019n\u0131n <em>\u201c\u00d6zel Hayat\u0131n Gizlili\u011fi\u201d<\/em> ba\u015fl\u0131kl\u0131 20. maddesine, daha sonra KVKK ve ikincil mevzuata y\u00f6nelik ayk\u0131r\u0131l\u0131k hallerini olu\u015fturan WhatsApp\u2019\u0131n Hizmet Ko\u015fullar\u0131 ve Gizlilik Politikas\u0131ndaki yeni d\u00fczenlemelerine ili\u015fkin geli\u015fmeler yaln\u0131zca \u00fclkemiz \u00f6zelinde de\u011fil, global anlamda da \u201cKi\u015fisel Verilerin Korunmas\u0131na\u201d ili\u015fkin olumlu y\u00f6nde fark\u0131ndal\u0131k yaratm\u0131\u015f olup, konuya ili\u015fkin geli\u015fmeler ilgili uygulaman\u0131n Kullan\u0131c\u0131lar\u0131 taraf\u0131ndan yak\u0131ndan takip edilen bir konu haline gelmi\u015ftir.<\/p>","protected":false},"excerpt":{"rendered":"<p>Yazarlar: Pelinsu B\u00dcY\u00dcKSARA\u00c7 SEVER \u2013 Ay\u00e7a EK\u015e\u0130 \u2013 Bolay\u0131r &amp; Do\u011fan\u00e7elik Avukatl\u0131k B\u00fcrosu 4 Ocak 2021 tarihinde WhatsApp Kullan\u0131c\u0131lar\u0131na y\u00f6nelik, firma taraf\u0131ndan bildirilen \u201cGizlilik \u0130lkesi\u201d g\u00fcncellemesi kamuoyunda olduk\u00e7a ses getirmi\u015ftir. Esasen 2016 y\u0131l\u0131nda y\u00fcr\u00fcrl\u00fc\u011fe giren 6698 say\u0131l\u0131 Ki\u015fisel Verilerin Korunmas\u0131 Kanunu (\u201cKVKK\u201d) ile kamuoyunda yarat\u0131lmaya \u00e7al\u0131\u015f\u0131lan ki\u015fisel veri g\u00fcvenli\u011fine ili\u015fkin fark\u0131ndal\u0131k bilinci neredeyse birka\u00e7 saat&hellip;&nbsp;<a href=\"https:\/\/bolayirdogancelik.com\/en\/guncel-gelismeler-kapsaminda-whatsapp-hizmet-kosullarinda-yapilacak-degisikliklerin-degerlendirilmesi\/\" rel=\"bookmark\"><span class=\"screen-reader-text\">G\u00fcncel Geli\u015fmeler Kapsam\u0131nda WhatsApp Hizmet Ko\u015fullar\u0131nda Yap\u0131lacak De\u011fi\u015fikliklerin De\u011ferlendirilmesi<\/span><\/a><\/p>","protected":false},"author":1,"featured_media":2219,"comment_status":"closed","ping_status":"open","sticky":false,"template":"","format":"standard","meta":{"neve_meta_sidebar":"","neve_meta_container":"","neve_meta_enable_content_width":"","neve_meta_content_width":0,"neve_meta_title_alignment":"","neve_meta_author_avatar":"","neve_post_elements_order":"","neve_meta_disable_header":"","neve_meta_disable_footer":"","neve_meta_disable_title":"","neve_meta_reading_time":"","_themeisle_gutenberg_block_has_review":false,"footnotes":""},"categories":[4],"tags":[],"class_list":["post-777","post","type-post","status-publish","format-standard","has-post-thumbnail","hentry","category-genel-makaleler"],"_links":{"self":[{"href":"https:\/\/bolayirdogancelik.com\/en\/wp-json\/wp\/v2\/posts\/777","targetHints":{"allow":["GET"]}}],"collection":[{"href":"https:\/\/bolayirdogancelik.com\/en\/wp-json\/wp\/v2\/posts"}],"about":[{"href":"https:\/\/bolayirdogancelik.com\/en\/wp-json\/wp\/v2\/types\/post"}],"author":[{"embeddable":true,"href":"https:\/\/bolayirdogancelik.com\/en\/wp-json\/wp\/v2\/users\/1"}],"replies":[{"embeddable":true,"href":"https:\/\/bolayirdogancelik.com\/en\/wp-json\/wp\/v2\/comments?post=777"}],"version-history":[{"count":1,"href":"https:\/\/bolayirdogancelik.com\/en\/wp-json\/wp\/v2\/posts\/777\/revisions"}],"predecessor-version":[{"id":2204,"href":"https:\/\/bolayirdogancelik.com\/en\/wp-json\/wp\/v2\/posts\/777\/revisions\/2204"}],"wp:featuredmedia":[{"embeddable":true,"href":"https:\/\/bolayirdogancelik.com\/en\/wp-json\/wp\/v2\/media\/2219"}],"wp:attachment":[{"href":"https:\/\/bolayirdogancelik.com\/en\/wp-json\/wp\/v2\/media?parent=777"}],"wp:term":[{"taxonomy":"category","embeddable":true,"href":"https:\/\/bolayirdogancelik.com\/en\/wp-json\/wp\/v2\/categories?post=777"},{"taxonomy":"post_tag","embeddable":true,"href":"https:\/\/bolayirdogancelik.com\/en\/wp-json\/wp\/v2\/tags?post=777"}],"curies":[{"name":"wp","href":"https:\/\/api.w.org\/{rel}","templated":true}]}}